{"id":4865,"date":"2020-06-09T08:50:36","date_gmt":"2020-06-09T07:50:36","guid":{"rendered":"http:\/\/www.eliascrespin.net\/?p=4865"},"modified":"2025-08-18T12:33:16","modified_gmt":"2025-08-18T11:33:16","slug":"londe-du-midi-3","status":"publish","type":"post","link":"https:\/\/www.eliascrespin.net\/es\/londe-du-midi-3\/","title":{"rendered":"L&#8217;Onde du Midi en el Louvre"},"content":{"rendered":"<div class=\"hupso-share-buttons\"><!-- Hupso Share Buttons - https:\/\/www.hupso.com\/share\/ --><a class=\"hupso_toolbar\" href=\"https:\/\/www.hupso.com\/share\/\"><img decoding=\"async\" src=\"https:\/\/static.hupso.com\/share\/buttons\/dot.png\" style=\"border:0px; padding-top: 5px; float:left;\" alt=\"Share Button\"\/><\/a><script type=\"text\/javascript\">var hupso_services_t=new Array(\"Twitter\",\"Facebook\",\"Google Plus\",\"Pinterest\",\"Linkedin\");var hupso_background_t=\"#EAF4FF\";var hupso_border_t=\"#66CCFF\";var hupso_toolbar_size_t=\"big\";var hupso_image_folder_url = \"http:\/\/www.eliascrespin.net\/wp-content\/themes\/eliascrespin\/images\/social\/\";var hupso_twitter_via=\"eliascrespin\";var hupso_url_t=\"\";var hupso_title_t=\"L%27Onde%20du%20Midi%20en%20el%20Louvre\";<\/script><script type=\"text\/javascript\" src=\"https:\/\/static.hupso.com\/share\/js\/share_toolbar.js\"><\/script><!-- Hupso Share Buttons --><\/div><p>Collecci\u00f3n p\u00fablica | Mus\u00e9e du Louvre, Par\u00eds<br \/>&gt; inauguraci\u00f3n el 24 de enero 2020<\/p>\n<p>Con motivo del 30 aniversario de la Pir\u00e1mide, el Museo del Louvre ha propuesto a Elias Crespin concebir un nuevo decorado permanente, reanudando as\u00ed su compromiso con los grandes encargos p\u00fablicos.<br \/>En lo alto de la escalera meridional, Elias Crespin ha creado una obra cin\u00e9tica titulada L\u2019Onde du Midi (La onda meridional): 128 tubos met\u00e1licos colgados de hilos motorizados, cuyo movimiento dibuja una sutil coreograf\u00eda. De este modo, el artista venezolano sigue los pasos de las grandes figuras del arte contempor\u00e1neo afincadas en el Louvre, como Anselm Kiefer (2007), Fran\u00e7ois Morellet (2010) o Cy Twombly (2010).<\/p>\n<p>&#8216;L&#8217;Onde du Midi&#8217;, que pertenece a la categor\u00eda de &#8216;Plano Flexionante&#8217;, est\u00e1 formada por 128 tubos cil\u00edndricos alienados paralelamente y suspendidos en el aire por hilos transparentes. Celestial y a\u00e9rea, esta escultura m\u00f3vil presenta un plano horizontal rectangular de casi diez metros de largo (1,50 x 9,50 m) cuando est\u00e1 en reposo. Con su incesante movimiento, la escultura parece desafiar las leyes de la gravedad. Al accionarse en el espacio, alcanza una amplitud de 3 a 4,50 metros de alto, al ritmo de secuencias establecidas mediante algoritmos num\u00e9ricos. Esta coreograf\u00eda ondulatoria, en la que la linealidad mec\u00e1nica est\u00e1 ausente, privilegia la lentitud y favorece la contemplaci\u00f3n y la fascinaci\u00f3n. Frente a ella, como hipnotizado, el espectador se ve sumergido en una danza lenta y gr\u00e1cil de formas infinitas e impredecibles. Su aleatoria configuraci\u00f3n espacial nos sorprende sin parar, mediante formas que se expanden, se aplanan y se difractan; pasando del orden al caos, de lo simple a lo complejo. La escalera meridional se transforma as\u00ed en el escenario de un silencioso ballet, cuya funci\u00f3n brinda un alto en el camino al visitante.<\/p>\n<p>Mus\u00e9e du Louvre<br \/>Rue de Rivoli<br \/>75001 Par\u00eds<\/p>\n","protected":false},"excerpt":{"rendered":"<p>Collecci\u00f3n p\u00fablica | Mus\u00e9e du Louvre, Par\u00eds&gt; inauguraci\u00f3n el 24 de enero 2020 Con motivo del 30 aniversario de la Pir\u00e1mide, el Museo del Louvre ha propuesto a Elias Crespin concebir un nuevo decorado permanente, reanudando as\u00ed su compromiso con los grandes encargos p\u00fablicos.En lo alto de la escalera meridional, Elias Crespin ha creado una&#8230;  <a class=\"excerpt-read-more\" href=\"https:\/\/www.eliascrespin.net\/es\/londe-du-midi-3\/\" title=\"ReadL&#8217;Onde du Midi en el Louvre\">Read more &raquo;<\/a><\/p>\n","protected":false},"author":7,"featured_media":0,"comment_status":"closed","ping_status":"open","sticky":true,"template":"","format":"standard","meta":{"footnotes":""},"categories":[3],"tags":[],"class_list":["post-4865","post","type-post","status-publish","format-standard","hentry","category-non-classe-es"],"yoast_head":"<!-- This site is optimized with the Yoast SEO plugin v27.5 - https:\/\/yoast.com\/product\/yoast-seo-wordpress\/ -->\n<title>L&#039;Onde du Midi en el Louvre | Elias Crespin<\/title>\n<meta name=\"robots\" content=\"index, follow, max-snippet:-1, max-image-preview:large, max-video-preview:-1\" \/>\n<link rel=\"canonical\" href=\"https:\/\/www.eliascrespin.net\/es\/londe-du-midi-3\/\" \/>\n<meta property=\"og:locale\" content=\"es_ES\" \/>\n<meta property=\"og:type\" content=\"article\" \/>\n<meta property=\"og:title\" content=\"L&#039;Onde du Midi en el Louvre | Elias Crespin\" \/>\n<meta property=\"og:description\" content=\"Collecci\u00f3n p\u00fablica | Mus\u00e9e du Louvre, Par\u00eds&gt; inauguraci\u00f3n el 24 de enero 2020 Con motivo del 30 aniversario de la Pir\u00e1mide, el Museo del Louvre ha propuesto a Elias Crespin concebir un nuevo decorado permanente, reanudando as\u00ed su compromiso con los grandes encargos p\u00fablicos.En lo alto de la escalera meridional, Elias Crespin ha creado una... Read more &raquo;\" \/>\n<meta property=\"og:url\" content=\"https:\/\/www.eliascrespin.net\/es\/londe-du-midi-3\/\" \/>\n<meta property=\"og:site_name\" content=\"Elias Crespin\" \/>\n<meta property=\"article:published_time\" content=\"2020-06-09T07:50:36+00:00\" \/>\n<meta property=\"article:modified_time\" content=\"2025-08-18T11:33:16+00:00\" \/>\n<meta name=\"author\" content=\"Cl\u00e9o Arnod\" \/>\n<meta name=\"twitter:label1\" content=\"Escrito por\" \/>\n\t<meta name=\"twitter:data1\" content=\"Cl\u00e9o Arnod\" \/>\n\t<meta name=\"twitter:label2\" content=\"Tiempo de lectura\" \/>\n\t<meta name=\"twitter:data2\" content=\"2 minutos\" \/>\n<script type=\"application\/ld+json\" class=\"yoast-schema-graph\">{\"@context\":\"https:\\\/\\\/schema.org\",\"@graph\":[{\"@type\":\"Article\",\"@id\":\"https:\\\/\\\/www.eliascrespin.net\\\/es\\\/londe-du-midi-3\\\/#article\",\"isPartOf\":{\"@id\":\"https:\\\/\\\/www.eliascrespin.net\\\/es\\\/londe-du-midi-3\\\/\"},\"author\":{\"name\":\"Cl\u00e9o Arnod\",\"@id\":\"https:\\\/\\\/www.eliascrespin.net\\\/#\\\/schema\\\/person\\\/f4df33ef804e44b6e87e117c6b535f9b\"},\"headline\":\"L&#8217;Onde du Midi en el Louvre\",\"datePublished\":\"2020-06-09T07:50:36+00:00\",\"dateModified\":\"2025-08-18T11:33:16+00:00\",\"mainEntityOfPage\":{\"@id\":\"https:\\\/\\\/www.eliascrespin.net\\\/es\\\/londe-du-midi-3\\\/\"},\"wordCount\":318,\"articleSection\":[\"Non class\u00e9 @es\"],\"inLanguage\":\"es\"},{\"@type\":\"WebPage\",\"@id\":\"https:\\\/\\\/www.eliascrespin.net\\\/es\\\/londe-du-midi-3\\\/\",\"url\":\"https:\\\/\\\/www.eliascrespin.net\\\/es\\\/londe-du-midi-3\\\/\",\"name\":\"L'Onde du Midi en el Louvre | Elias Crespin\",\"isPartOf\":{\"@id\":\"https:\\\/\\\/www.eliascrespin.net\\\/#website\"},\"datePublished\":\"2020-06-09T07:50:36+00:00\",\"dateModified\":\"2025-08-18T11:33:16+00:00\",\"author\":{\"@id\":\"https:\\\/\\\/www.eliascrespin.net\\\/#\\\/schema\\\/person\\\/f4df33ef804e44b6e87e117c6b535f9b\"},\"breadcrumb\":{\"@id\":\"https:\\\/\\\/www.eliascrespin.net\\\/es\\\/londe-du-midi-3\\\/#breadcrumb\"},\"inLanguage\":\"es\",\"potentialAction\":[{\"@type\":\"ReadAction\",\"target\":[\"https:\\\/\\\/www.eliascrespin.net\\\/es\\\/londe-du-midi-3\\\/\"]}]},{\"@type\":\"BreadcrumbList\",\"@id\":\"https:\\\/\\\/www.eliascrespin.net\\\/es\\\/londe-du-midi-3\\\/#breadcrumb\",\"itemListElement\":[{\"@type\":\"ListItem\",\"position\":1,\"name\":\"Accueil\",\"item\":\"https:\\\/\\\/www.eliascrespin.net\\\/es\\\/\"},{\"@type\":\"ListItem\",\"position\":2,\"name\":\"L&rsquo;Onde du Midi en el Louvre\"}]},{\"@type\":\"WebSite\",\"@id\":\"https:\\\/\\\/www.eliascrespin.net\\\/#website\",\"url\":\"https:\\\/\\\/www.eliascrespin.net\\\/\",\"name\":\"Elias Crespin\",\"description\":\"Latest news from Atelier Crespin\",\"potentialAction\":[{\"@type\":\"SearchAction\",\"target\":{\"@type\":\"EntryPoint\",\"urlTemplate\":\"https:\\\/\\\/www.eliascrespin.net\\\/?s={search_term_string}\"},\"query-input\":{\"@type\":\"PropertyValueSpecification\",\"valueRequired\":true,\"valueName\":\"search_term_string\"}}],\"inLanguage\":\"es\"},{\"@type\":\"Person\",\"@id\":\"https:\\\/\\\/www.eliascrespin.net\\\/#\\\/schema\\\/person\\\/f4df33ef804e44b6e87e117c6b535f9b\",\"name\":\"Cl\u00e9o Arnod\",\"image\":{\"@type\":\"ImageObject\",\"inLanguage\":\"es\",\"@id\":\"https:\\\/\\\/secure.gravatar.com\\\/avatar\\\/3210b9784bd29e5e3340e52bbc176ecc44f88b88d6728f9af8d755f7b788da92?s=96&d=mm&r=g\",\"url\":\"https:\\\/\\\/secure.gravatar.com\\\/avatar\\\/3210b9784bd29e5e3340e52bbc176ecc44f88b88d6728f9af8d755f7b788da92?s=96&d=mm&r=g\",\"contentUrl\":\"https:\\\/\\\/secure.gravatar.com\\\/avatar\\\/3210b9784bd29e5e3340e52bbc176ecc44f88b88d6728f9af8d755f7b788da92?s=96&d=mm&r=g\",\"caption\":\"Cl\u00e9o Arnod\"},\"url\":\"https:\\\/\\\/www.eliascrespin.net\\\/es\\\/author\\\/cleo\\\/\"}]}<\/script>\n<!-- \/ Yoast SEO plugin. -->","yoast_head_json":{"title":"L'Onde du Midi en el Louvre | Elias Crespin","robots":{"index":"index","follow":"follow","max-snippet":"max-snippet:-1","max-image-preview":"max-image-preview:large","max-video-preview":"max-video-preview:-1"},"canonical":"https:\/\/www.eliascrespin.net\/es\/londe-du-midi-3\/","og_locale":"es_ES","og_type":"article","og_title":"L'Onde du Midi en el Louvre | Elias Crespin","og_description":"Collecci\u00f3n p\u00fablica | Mus\u00e9e du Louvre, Par\u00eds&gt; inauguraci\u00f3n el 24 de enero 2020 Con motivo del 30 aniversario de la Pir\u00e1mide, el Museo del Louvre ha propuesto a Elias Crespin concebir un nuevo decorado permanente, reanudando as\u00ed su compromiso con los grandes encargos p\u00fablicos.En lo alto de la escalera meridional, Elias Crespin ha creado una... Read more &raquo;","og_url":"https:\/\/www.eliascrespin.net\/es\/londe-du-midi-3\/","og_site_name":"Elias Crespin","article_published_time":"2020-06-09T07:50:36+00:00","article_modified_time":"2025-08-18T11:33:16+00:00","author":"Cl\u00e9o Arnod","twitter_misc":{"Escrito por":"Cl\u00e9o Arnod","Tiempo de lectura":"2 minutos"},"schema":{"@context":"https:\/\/schema.org","@graph":[{"@type":"Article","@id":"https:\/\/www.eliascrespin.net\/es\/londe-du-midi-3\/#article","isPartOf":{"@id":"https:\/\/www.eliascrespin.net\/es\/londe-du-midi-3\/"},"author":{"name":"Cl\u00e9o Arnod","@id":"https:\/\/www.eliascrespin.net\/#\/schema\/person\/f4df33ef804e44b6e87e117c6b535f9b"},"headline":"L&#8217;Onde du Midi en el Louvre","datePublished":"2020-06-09T07:50:36+00:00","dateModified":"2025-08-18T11:33:16+00:00","mainEntityOfPage":{"@id":"https:\/\/www.eliascrespin.net\/es\/londe-du-midi-3\/"},"wordCount":318,"articleSection":["Non class\u00e9 @es"],"inLanguage":"es"},{"@type":"WebPage","@id":"https:\/\/www.eliascrespin.net\/es\/londe-du-midi-3\/","url":"https:\/\/www.eliascrespin.net\/es\/londe-du-midi-3\/","name":"L'Onde du Midi en el Louvre | Elias Crespin","isPartOf":{"@id":"https:\/\/www.eliascrespin.net\/#website"},"datePublished":"2020-06-09T07:50:36+00:00","dateModified":"2025-08-18T11:33:16+00:00","author":{"@id":"https:\/\/www.eliascrespin.net\/#\/schema\/person\/f4df33ef804e44b6e87e117c6b535f9b"},"breadcrumb":{"@id":"https:\/\/www.eliascrespin.net\/es\/londe-du-midi-3\/#breadcrumb"},"inLanguage":"es","potentialAction":[{"@type":"ReadAction","target":["https:\/\/www.eliascrespin.net\/es\/londe-du-midi-3\/"]}]},{"@type":"BreadcrumbList","@id":"https:\/\/www.eliascrespin.net\/es\/londe-du-midi-3\/#breadcrumb","itemListElement":[{"@type":"ListItem","position":1,"name":"Accueil","item":"https:\/\/www.eliascrespin.net\/es\/"},{"@type":"ListItem","position":2,"name":"L&rsquo;Onde du Midi en el Louvre"}]},{"@type":"WebSite","@id":"https:\/\/www.eliascrespin.net\/#website","url":"https:\/\/www.eliascrespin.net\/","name":"Elias Crespin","description":"Latest news from Atelier Crespin","potentialAction":[{"@type":"SearchAction","target":{"@type":"EntryPoint","urlTemplate":"https:\/\/www.eliascrespin.net\/?s={search_term_string}"},"query-input":{"@type":"PropertyValueSpecification","valueRequired":true,"valueName":"search_term_string"}}],"inLanguage":"es"},{"@type":"Person","@id":"https:\/\/www.eliascrespin.net\/#\/schema\/person\/f4df33ef804e44b6e87e117c6b535f9b","name":"Cl\u00e9o Arnod","image":{"@type":"ImageObject","inLanguage":"es","@id":"https:\/\/secure.gravatar.com\/avatar\/3210b9784bd29e5e3340e52bbc176ecc44f88b88d6728f9af8d755f7b788da92?s=96&d=mm&r=g","url":"https:\/\/secure.gravatar.com\/avatar\/3210b9784bd29e5e3340e52bbc176ecc44f88b88d6728f9af8d755f7b788da92?s=96&d=mm&r=g","contentUrl":"https:\/\/secure.gravatar.com\/avatar\/3210b9784bd29e5e3340e52bbc176ecc44f88b88d6728f9af8d755f7b788da92?s=96&d=mm&r=g","caption":"Cl\u00e9o Arnod"},"url":"https:\/\/www.eliascrespin.net\/es\/author\/cleo\/"}]}},"_links":{"self":[{"href":"https:\/\/www.eliascrespin.net\/es\/wp-json\/wp\/v2\/posts\/4865","targetHints":{"allow":["GET"]}}],"collection":[{"href":"https:\/\/www.eliascrespin.net\/es\/wp-json\/wp\/v2\/posts"}],"about":[{"href":"https:\/\/www.eliascrespin.net\/es\/wp-json\/wp\/v2\/types\/post"}],"author":[{"embeddable":true,"href":"https:\/\/www.eliascrespin.net\/es\/wp-json\/wp\/v2\/users\/7"}],"replies":[{"embeddable":true,"href":"https:\/\/www.eliascrespin.net\/es\/wp-json\/wp\/v2\/comments?post=4865"}],"version-history":[{"count":13,"href":"https:\/\/www.eliascrespin.net\/es\/wp-json\/wp\/v2\/posts\/4865\/revisions"}],"predecessor-version":[{"id":10209,"href":"https:\/\/www.eliascrespin.net\/es\/wp-json\/wp\/v2\/posts\/4865\/revisions\/10209"}],"wp:attachment":[{"href":"https:\/\/www.eliascrespin.net\/es\/wp-json\/wp\/v2\/media?parent=4865"}],"wp:term":[{"taxonomy":"category","embeddable":true,"href":"https:\/\/www.eliascrespin.net\/es\/wp-json\/wp\/v2\/categories?post=4865"},{"taxonomy":"post_tag","embeddable":true,"href":"https:\/\/www.eliascrespin.net\/es\/wp-json\/wp\/v2\/tags?post=4865"}],"curies":[{"name":"wp","href":"https:\/\/api.w.org\/{rel}","templated":true}]}}