{"id":4473,"date":"2019-05-12T15:32:06","date_gmt":"2019-05-12T14:32:06","guid":{"rendered":"http:\/\/www.eliascrespin.net\/?p=4473"},"modified":"2019-11-22T16:21:04","modified_gmt":"2019-11-22T15:21:04","slug":"shadows","status":"publish","type":"post","link":"https:\/\/www.eliascrespin.net\/es\/shadows\/","title":{"rendered":"SHADOWS"},"content":{"rendered":"<div class=\"hupso-share-buttons\"><!-- Hupso Share Buttons - https:\/\/www.hupso.com\/share\/ --><a class=\"hupso_toolbar\" href=\"https:\/\/www.hupso.com\/share\/\"><img decoding=\"async\" src=\"https:\/\/static.hupso.com\/share\/buttons\/dot.png\" style=\"border:0px; padding-top: 5px; float:left;\" alt=\"Share Button\"\/><\/a><script type=\"text\/javascript\">var hupso_services_t=new Array(\"Twitter\",\"Facebook\",\"Google Plus\",\"Pinterest\",\"Linkedin\");var hupso_background_t=\"#EAF4FF\";var hupso_border_t=\"#66CCFF\";var hupso_toolbar_size_t=\"big\";var hupso_image_folder_url = \"http:\/\/www.eliascrespin.net\/wp-content\/themes\/eliascrespin\/images\/social\/\";var hupso_twitter_via=\"eliascrespin\";var hupso_url_t=\"\";var hupso_title_t=\"SHADOWS\";<\/script><script type=\"text\/javascript\" src=\"https:\/\/static.hupso.com\/share\/js\/share_toolbar.js\"><\/script><!-- Hupso Share Buttons --><\/div><p>Exposici\u00f3n colectiva | Galerie Italienne, Par\u00eds<br \/>&gt; 17\/05 \u2013 29\/06\/2019<\/p>\n<p>\u2018Sombras proyectadas, siluetas, trazos fugitivos u oscuridad profunda\u2026<br \/>La sombra yace en la frontera entre lo real y lo imaginario, entre lo tangible y lo impalpable. Como un fantasma, un doble misterioso, una emoci\u00f3n ; mora en el marco de la pintura y el de la fotograf\u00eda, o bien prolonga la materia de la escultura.<br \/>Eclipse o aparici\u00f3n: la sombra dibuja y a veces se materializa. Se estira, se contrae, se disuelve o se acent\u00faa seg\u00fan el juego de formas y de luces. En resumen, la sombre vive.<br \/>Hay sombras fortuitas y sombras inoportunas. Pero hay otras que parecieran deseadas, forjadas por el arte y los artistas mismos\u2026 Esas son las que se re\u00fanen aqu\u00ed.\u2019<br \/>Texto de David Rosenberg, comisario de la exposici\u00f3n, traducido del franc\u00e9s.<\/p>\n<p>Elias Crespin presenta en esa exposici\u00f3n \u2018Circualineados Alu\u2019 (2016).<\/p>\n<p>Con obras de Hans Bellmer, Brassa\u00ef, Miguel Chevalier, Paul Citro\u00ebn, Elias Crespin, Marcel Duchamp, Fred Eerdekens, Eva &amp; Ad\u00e8le, Alain Fleischer, Laurent Grasso, Pascal Haudressy, William Kentridge, Eric Le Maire, Charles Matton, Allan McCollum, Mc Dermott &amp; Mc Gough, Shirin Neshat, Luigi Ontani, Donato Piccolo, Man Ray, Luca Resta, Alessandro Sciaraffa, Xavier Veilhan, Kara Walker, Andy Warhol.<\/p>\n<p>Galerie Italienne<br \/>15 rue du Louvre<br \/>75001 Par\u00eds<\/p>\n<p><strong><a href=\"https:\/\/galerieitalienne.wixsite.com\/galerie-italienne\/copie-de-current-exhibition-3\">Leer m\u00e1s<\/a><\/strong><\/p>\n","protected":false},"excerpt":{"rendered":"<p>Exposici\u00f3n colectiva | Galerie Italienne, Par\u00eds&gt; 17\/05 \u2013 29\/06\/2019 \u2018Sombras proyectadas, siluetas, trazos fugitivos u oscuridad profunda\u2026La sombra yace en la frontera entre lo real y lo imaginario, entre lo tangible y lo impalpable. Como un fantasma, un doble misterioso, una emoci\u00f3n ; mora en el marco de la pintura y el de la fotograf\u00eda,&#8230;  <a class=\"excerpt-read-more\" href=\"https:\/\/www.eliascrespin.net\/es\/shadows\/\" title=\"ReadSHADOWS\">Read more &raquo;<\/a><\/p>\n","protected":false},"author":4,"featured_media":0,"comment_status":"closed","ping_status":"open","sticky":false,"template":"","format":"standard","meta":{"footnotes":""},"categories":[3],"tags":[],"class_list":["post-4473","post","type-post","status-publish","format-standard","hentry","category-non-classe-es"],"yoast_head":"<!-- This site is optimized with the Yoast SEO plugin v27.4 - https:\/\/yoast.com\/product\/yoast-seo-wordpress\/ -->\n<title>SHADOWS | Elias Crespin<\/title>\n<meta name=\"robots\" content=\"index, follow, max-snippet:-1, max-image-preview:large, max-video-preview:-1\" \/>\n<link rel=\"canonical\" href=\"https:\/\/www.eliascrespin.net\/es\/shadows\/\" \/>\n<meta property=\"og:locale\" content=\"es_ES\" \/>\n<meta property=\"og:type\" content=\"article\" \/>\n<meta property=\"og:title\" content=\"SHADOWS | Elias Crespin\" \/>\n<meta property=\"og:description\" content=\"Exposici\u00f3n colectiva | Galerie Italienne, Par\u00eds&gt; 17\/05 \u2013 29\/06\/2019 \u2018Sombras proyectadas, siluetas, trazos fugitivos u oscuridad profunda\u2026La sombra yace en la frontera entre lo real y lo imaginario, entre lo tangible y lo impalpable. Como un fantasma, un doble misterioso, una emoci\u00f3n ; mora en el marco de la pintura y el de la fotograf\u00eda,... Read more &raquo;\" \/>\n<meta property=\"og:url\" content=\"https:\/\/www.eliascrespin.net\/es\/shadows\/\" \/>\n<meta property=\"og:site_name\" content=\"Elias Crespin\" \/>\n<meta property=\"article:published_time\" content=\"2019-05-12T14:32:06+00:00\" \/>\n<meta property=\"article:modified_time\" content=\"2019-11-22T15:21:04+00:00\" \/>\n<meta name=\"author\" content=\"Juliette Valentin\" \/>\n<meta name=\"twitter:label1\" content=\"Escrito por\" \/>\n\t<meta name=\"twitter:data1\" content=\"Juliette Valentin\" \/>\n\t<meta name=\"twitter:label2\" content=\"Tiempo de lectura\" \/>\n\t<meta name=\"twitter:data2\" content=\"1 minuto\" \/>\n<script type=\"application\/ld+json\" class=\"yoast-schema-graph\">{\"@context\":\"https:\\\/\\\/schema.org\",\"@graph\":[{\"@type\":\"Article\",\"@id\":\"https:\\\/\\\/www.eliascrespin.net\\\/es\\\/shadows\\\/#article\",\"isPartOf\":{\"@id\":\"https:\\\/\\\/www.eliascrespin.net\\\/es\\\/shadows\\\/\"},\"author\":{\"name\":\"Juliette Valentin\",\"@id\":\"https:\\\/\\\/www.eliascrespin.net\\\/#\\\/schema\\\/person\\\/50917c4bd099f256cd1e477a992c486a\"},\"headline\":\"SHADOWS\",\"datePublished\":\"2019-05-12T14:32:06+00:00\",\"dateModified\":\"2019-11-22T15:21:04+00:00\",\"mainEntityOfPage\":{\"@id\":\"https:\\\/\\\/www.eliascrespin.net\\\/es\\\/shadows\\\/\"},\"wordCount\":220,\"articleSection\":[\"Non class\u00e9 @es\"],\"inLanguage\":\"es\"},{\"@type\":\"WebPage\",\"@id\":\"https:\\\/\\\/www.eliascrespin.net\\\/es\\\/shadows\\\/\",\"url\":\"https:\\\/\\\/www.eliascrespin.net\\\/es\\\/shadows\\\/\",\"name\":\"SHADOWS | Elias Crespin\",\"isPartOf\":{\"@id\":\"https:\\\/\\\/www.eliascrespin.net\\\/#website\"},\"datePublished\":\"2019-05-12T14:32:06+00:00\",\"dateModified\":\"2019-11-22T15:21:04+00:00\",\"author\":{\"@id\":\"https:\\\/\\\/www.eliascrespin.net\\\/#\\\/schema\\\/person\\\/50917c4bd099f256cd1e477a992c486a\"},\"breadcrumb\":{\"@id\":\"https:\\\/\\\/www.eliascrespin.net\\\/es\\\/shadows\\\/#breadcrumb\"},\"inLanguage\":\"es\",\"potentialAction\":[{\"@type\":\"ReadAction\",\"target\":[\"https:\\\/\\\/www.eliascrespin.net\\\/es\\\/shadows\\\/\"]}]},{\"@type\":\"BreadcrumbList\",\"@id\":\"https:\\\/\\\/www.eliascrespin.net\\\/es\\\/shadows\\\/#breadcrumb\",\"itemListElement\":[{\"@type\":\"ListItem\",\"position\":1,\"name\":\"Accueil\",\"item\":\"https:\\\/\\\/www.eliascrespin.net\\\/es\\\/\"},{\"@type\":\"ListItem\",\"position\":2,\"name\":\"SHADOWS\"}]},{\"@type\":\"WebSite\",\"@id\":\"https:\\\/\\\/www.eliascrespin.net\\\/#website\",\"url\":\"https:\\\/\\\/www.eliascrespin.net\\\/\",\"name\":\"Elias Crespin\",\"description\":\"Latest news from Atelier Crespin\",\"potentialAction\":[{\"@type\":\"SearchAction\",\"target\":{\"@type\":\"EntryPoint\",\"urlTemplate\":\"https:\\\/\\\/www.eliascrespin.net\\\/?s={search_term_string}\"},\"query-input\":{\"@type\":\"PropertyValueSpecification\",\"valueRequired\":true,\"valueName\":\"search_term_string\"}}],\"inLanguage\":\"es\"},{\"@type\":\"Person\",\"@id\":\"https:\\\/\\\/www.eliascrespin.net\\\/#\\\/schema\\\/person\\\/50917c4bd099f256cd1e477a992c486a\",\"name\":\"Juliette Valentin\",\"image\":{\"@type\":\"ImageObject\",\"inLanguage\":\"es\",\"@id\":\"https:\\\/\\\/secure.gravatar.com\\\/avatar\\\/a9b849f5efa31f7378c728d29f635c783840426b57ccc98c504546a846be640c?s=96&d=mm&r=g\",\"url\":\"https:\\\/\\\/secure.gravatar.com\\\/avatar\\\/a9b849f5efa31f7378c728d29f635c783840426b57ccc98c504546a846be640c?s=96&d=mm&r=g\",\"contentUrl\":\"https:\\\/\\\/secure.gravatar.com\\\/avatar\\\/a9b849f5efa31f7378c728d29f635c783840426b57ccc98c504546a846be640c?s=96&d=mm&r=g\",\"caption\":\"Juliette Valentin\"},\"url\":\"https:\\\/\\\/www.eliascrespin.net\\\/es\\\/author\\\/claire\\\/\"}]}<\/script>\n<!-- \/ Yoast SEO plugin. -->","yoast_head_json":{"title":"SHADOWS | Elias Crespin","robots":{"index":"index","follow":"follow","max-snippet":"max-snippet:-1","max-image-preview":"max-image-preview:large","max-video-preview":"max-video-preview:-1"},"canonical":"https:\/\/www.eliascrespin.net\/es\/shadows\/","og_locale":"es_ES","og_type":"article","og_title":"SHADOWS | Elias Crespin","og_description":"Exposici\u00f3n colectiva | Galerie Italienne, Par\u00eds&gt; 17\/05 \u2013 29\/06\/2019 \u2018Sombras proyectadas, siluetas, trazos fugitivos u oscuridad profunda\u2026La sombra yace en la frontera entre lo real y lo imaginario, entre lo tangible y lo impalpable. Como un fantasma, un doble misterioso, una emoci\u00f3n ; mora en el marco de la pintura y el de la fotograf\u00eda,... Read more &raquo;","og_url":"https:\/\/www.eliascrespin.net\/es\/shadows\/","og_site_name":"Elias Crespin","article_published_time":"2019-05-12T14:32:06+00:00","article_modified_time":"2019-11-22T15:21:04+00:00","author":"Juliette Valentin","twitter_misc":{"Escrito por":"Juliette Valentin","Tiempo de lectura":"1 minuto"},"schema":{"@context":"https:\/\/schema.org","@graph":[{"@type":"Article","@id":"https:\/\/www.eliascrespin.net\/es\/shadows\/#article","isPartOf":{"@id":"https:\/\/www.eliascrespin.net\/es\/shadows\/"},"author":{"name":"Juliette Valentin","@id":"https:\/\/www.eliascrespin.net\/#\/schema\/person\/50917c4bd099f256cd1e477a992c486a"},"headline":"SHADOWS","datePublished":"2019-05-12T14:32:06+00:00","dateModified":"2019-11-22T15:21:04+00:00","mainEntityOfPage":{"@id":"https:\/\/www.eliascrespin.net\/es\/shadows\/"},"wordCount":220,"articleSection":["Non class\u00e9 @es"],"inLanguage":"es"},{"@type":"WebPage","@id":"https:\/\/www.eliascrespin.net\/es\/shadows\/","url":"https:\/\/www.eliascrespin.net\/es\/shadows\/","name":"SHADOWS | Elias Crespin","isPartOf":{"@id":"https:\/\/www.eliascrespin.net\/#website"},"datePublished":"2019-05-12T14:32:06+00:00","dateModified":"2019-11-22T15:21:04+00:00","author":{"@id":"https:\/\/www.eliascrespin.net\/#\/schema\/person\/50917c4bd099f256cd1e477a992c486a"},"breadcrumb":{"@id":"https:\/\/www.eliascrespin.net\/es\/shadows\/#breadcrumb"},"inLanguage":"es","potentialAction":[{"@type":"ReadAction","target":["https:\/\/www.eliascrespin.net\/es\/shadows\/"]}]},{"@type":"BreadcrumbList","@id":"https:\/\/www.eliascrespin.net\/es\/shadows\/#breadcrumb","itemListElement":[{"@type":"ListItem","position":1,"name":"Accueil","item":"https:\/\/www.eliascrespin.net\/es\/"},{"@type":"ListItem","position":2,"name":"SHADOWS"}]},{"@type":"WebSite","@id":"https:\/\/www.eliascrespin.net\/#website","url":"https:\/\/www.eliascrespin.net\/","name":"Elias Crespin","description":"Latest news from Atelier Crespin","potentialAction":[{"@type":"SearchAction","target":{"@type":"EntryPoint","urlTemplate":"https:\/\/www.eliascrespin.net\/?s={search_term_string}"},"query-input":{"@type":"PropertyValueSpecification","valueRequired":true,"valueName":"search_term_string"}}],"inLanguage":"es"},{"@type":"Person","@id":"https:\/\/www.eliascrespin.net\/#\/schema\/person\/50917c4bd099f256cd1e477a992c486a","name":"Juliette Valentin","image":{"@type":"ImageObject","inLanguage":"es","@id":"https:\/\/secure.gravatar.com\/avatar\/a9b849f5efa31f7378c728d29f635c783840426b57ccc98c504546a846be640c?s=96&d=mm&r=g","url":"https:\/\/secure.gravatar.com\/avatar\/a9b849f5efa31f7378c728d29f635c783840426b57ccc98c504546a846be640c?s=96&d=mm&r=g","contentUrl":"https:\/\/secure.gravatar.com\/avatar\/a9b849f5efa31f7378c728d29f635c783840426b57ccc98c504546a846be640c?s=96&d=mm&r=g","caption":"Juliette Valentin"},"url":"https:\/\/www.eliascrespin.net\/es\/author\/claire\/"}]}},"_links":{"self":[{"href":"https:\/\/www.eliascrespin.net\/es\/wp-json\/wp\/v2\/posts\/4473","targetHints":{"allow":["GET"]}}],"collection":[{"href":"https:\/\/www.eliascrespin.net\/es\/wp-json\/wp\/v2\/posts"}],"about":[{"href":"https:\/\/www.eliascrespin.net\/es\/wp-json\/wp\/v2\/types\/post"}],"author":[{"embeddable":true,"href":"https:\/\/www.eliascrespin.net\/es\/wp-json\/wp\/v2\/users\/4"}],"replies":[{"embeddable":true,"href":"https:\/\/www.eliascrespin.net\/es\/wp-json\/wp\/v2\/comments?post=4473"}],"version-history":[{"count":4,"href":"https:\/\/www.eliascrespin.net\/es\/wp-json\/wp\/v2\/posts\/4473\/revisions"}],"predecessor-version":[{"id":4716,"href":"https:\/\/www.eliascrespin.net\/es\/wp-json\/wp\/v2\/posts\/4473\/revisions\/4716"}],"wp:attachment":[{"href":"https:\/\/www.eliascrespin.net\/es\/wp-json\/wp\/v2\/media?parent=4473"}],"wp:term":[{"taxonomy":"category","embeddable":true,"href":"https:\/\/www.eliascrespin.net\/es\/wp-json\/wp\/v2\/categories?post=4473"},{"taxonomy":"post_tag","embeddable":true,"href":"https:\/\/www.eliascrespin.net\/es\/wp-json\/wp\/v2\/tags?post=4473"}],"curies":[{"name":"wp","href":"https:\/\/api.w.org\/{rel}","templated":true}]}}