{"id":10444,"date":"2026-08-28T17:06:26","date_gmt":"2026-08-28T16:06:26","guid":{"rendered":"https:\/\/www.eliascrespin.net\/?p=10444"},"modified":"2026-08-28T17:07:52","modified_gmt":"2026-08-28T16:07:52","slug":"film-retrato-de-elias-crespin","status":"publish","type":"post","link":"https:\/\/www.eliascrespin.net\/es\/film-retrato-de-elias-crespin\/","title":{"rendered":"FILM | Retrato de Elias Crespin"},"content":{"rendered":"<div class=\"hupso-share-buttons\"><!-- Hupso Share Buttons - https:\/\/www.hupso.com\/share\/ --><a class=\"hupso_toolbar\" href=\"https:\/\/www.hupso.com\/share\/\"><img decoding=\"async\" src=\"https:\/\/static.hupso.com\/share\/buttons\/dot.png\" style=\"border:0px; padding-top: 5px; float:left;\" alt=\"Share Button\"\/><\/a><script type=\"text\/javascript\">var hupso_services_t=new Array(\"Twitter\",\"Facebook\",\"Google Plus\",\"Pinterest\",\"Linkedin\");var hupso_background_t=\"#EAF4FF\";var hupso_border_t=\"#66CCFF\";var hupso_toolbar_size_t=\"big\";var hupso_image_folder_url = \"http:\/\/www.eliascrespin.net\/wp-content\/themes\/eliascrespin\/images\/social\/\";var hupso_twitter_via=\"eliascrespin\";var hupso_url_t=\"\";var hupso_title_t=\"FILM%20%7C%20Retrato%20de%20Elias%20Crespin\";<\/script><script type=\"text\/javascript\" src=\"https:\/\/static.hupso.com\/share\/js\/share_toolbar.js\"><\/script><!-- Hupso Share Buttons --><\/div><p><iframe loading=\"lazy\" title=\"Portrait of Elias Crespin\" width=\"500\" height=\"281\" src=\"https:\/\/www.youtube.com\/embed\/jv45r70yPWU?feature=oembed\" frameborder=\"0\" allow=\"accelerometer; autoplay; clipboard-write; encrypted-media; gyroscope; picture-in-picture; web-share\" referrerpolicy=\"strict-origin-when-cross-origin\" allowfullscreen><\/iframe><\/p>\n<p>En su estudio de Par\u00eds, el artista venezolano Elias Crespin nos invita a adentrarnos en una reflexi\u00f3n fascinante sobre el tiempo, el espacio y la forma.<\/p>\n<p>Suspendidas mediante hilos casi invisibles, las esculturas electrocin\u00e9ticas de Elias Crespin est\u00e1n animadas por movimientos programados a partir de algoritmos. Sus elementos se desplazan lentamente en el espacio, haciendo aparecer formas y composiciones en constante transformaci\u00f3n. En el cruce entre arte, tecnolog\u00eda y movimiento, estas obras crean una verdadera coreograf\u00eda en la que la presencia y la mirada del espectador desempe\u00f1an un papel esencial.<\/p>\n<p>La pel\u00edcula se presenta actualmente en el Museo de Arte Contempor\u00e1neo Esteban Vicente, en el marco de la exposici\u00f3n.<\/p>\n<p>___<\/p>\n<p class=\"PDq2pG_selectionAnchorContainer\" data-start=\"902\" data-end=\"933\">Dirigido por Samuel Jay Patrick<\/p>\n<p data-start=\"935\" data-end=\"977\">Producido por Charlieegraz &amp; Monsha Studio<\/p>\n<p data-start=\"979\" data-end=\"1037\">Direcci\u00f3n de fotograf\u00eda: Pierre Louis Bacq &amp; Sergio Azuaje<\/p>\n<p data-start=\"1039\" data-end=\"1087\">Im\u00e1genes de archivo de las obras: Loris Artisson<\/p>\n<p data-start=\"1089\" data-end=\"1158\">Asistencia del artista y coordinaci\u00f3n del proyecto: Juliette Valentin<\/p>\n<p data-start=\"1160\" data-end=\"1211\">Asistentes de producci\u00f3n: Luis Rozo &amp; Sergio Azuaje<\/p>\n<p data-start=\"1213\" data-end=\"1246\">M\u00fasica original: Oran Fitzpatrick<\/p>\n<p data-start=\"1248\" data-end=\"1283\">Agradecimientos a Hugo Cam\u00e2ra Costa<\/p>\n","protected":false},"excerpt":{"rendered":"<p>En su estudio de Par\u00eds, el artista venezolano Elias Crespin nos invita a adentrarnos en una reflexi\u00f3n fascinante sobre el tiempo, el espacio y la forma. Suspendidas mediante hilos casi invisibles, las esculturas electrocin\u00e9ticas de Elias Crespin est\u00e1n animadas por movimientos programados a partir de algoritmos. Sus elementos se desplazan lentamente en el espacio, haciendo&#8230;  <a class=\"excerpt-read-more\" href=\"https:\/\/www.eliascrespin.net\/es\/film-retrato-de-elias-crespin\/\" title=\"ReadFILM | Retrato de Elias Crespin\">Read more &raquo;<\/a><\/p>\n","protected":false},"author":9,"featured_media":0,"comment_status":"closed","ping_status":"closed","sticky":true,"template":"","format":"standard","meta":{"footnotes":""},"categories":[3],"tags":[],"class_list":["post-10444","post","type-post","status-publish","format-standard","hentry","category-non-classe-es"],"yoast_head":"<!-- This site is optimized with the Yoast SEO plugin v28.3 - https:\/\/yoast.com\/product\/yoast-seo-wordpress\/ -->\n<title>FILM | Retrato de Elias Crespin | Elias Crespin<\/title>\n<meta name=\"robots\" content=\"index, follow, max-snippet:-1, max-image-preview:large, max-video-preview:-1\" \/>\n<link rel=\"canonical\" href=\"https:\/\/www.eliascrespin.net\/es\/film-retrato-de-elias-crespin\/\" \/>\n<meta property=\"og:locale\" content=\"es_ES\" \/>\n<meta property=\"og:type\" content=\"article\" \/>\n<meta property=\"og:title\" content=\"FILM | Retrato de Elias Crespin | Elias Crespin\" \/>\n<meta property=\"og:description\" content=\"En su estudio de Par\u00eds, el artista venezolano Elias Crespin nos invita a adentrarnos en una reflexi\u00f3n fascinante sobre el tiempo, el espacio y la forma. Suspendidas mediante hilos casi invisibles, las esculturas electrocin\u00e9ticas de Elias Crespin est\u00e1n animadas por movimientos programados a partir de algoritmos. Sus elementos se desplazan lentamente en el espacio, haciendo... Read more &raquo;\" \/>\n<meta property=\"og:url\" content=\"https:\/\/www.eliascrespin.net\/es\/film-retrato-de-elias-crespin\/\" \/>\n<meta property=\"og:site_name\" content=\"Elias Crespin\" \/>\n<meta property=\"article:published_time\" content=\"2026-08-28T16:06:26+00:00\" \/>\n<meta property=\"article:modified_time\" content=\"2026-08-28T16:07:52+00:00\" \/>\n<meta name=\"author\" content=\"Juliette Valentin\" \/>\n<meta name=\"twitter:label1\" content=\"Escrito por\" \/>\n\t<meta name=\"twitter:data1\" content=\"Juliette Valentin\" \/>\n\t<meta name=\"twitter:label2\" content=\"Tiempo de lectura\" \/>\n\t<meta name=\"twitter:data2\" content=\"1 minuto\" \/>\n<script type=\"application\/ld+json\" class=\"yoast-schema-graph\">{\"@context\":\"https:\\\/\\\/schema.org\",\"@graph\":[{\"@type\":\"Article\",\"@id\":\"https:\\\/\\\/www.eliascrespin.net\\\/es\\\/film-retrato-de-elias-crespin\\\/#article\",\"isPartOf\":{\"@id\":\"https:\\\/\\\/www.eliascrespin.net\\\/es\\\/film-retrato-de-elias-crespin\\\/\"},\"author\":{\"name\":\"Juliette Valentin\",\"@id\":\"https:\\\/\\\/www.eliascrespin.net\\\/#\\\/schema\\\/person\\\/f492eaffc73c1b630a59d50396af8ad2\"},\"headline\":\"FILM | Retrato de Elias Crespin\",\"datePublished\":\"2026-08-28T16:06:26+00:00\",\"dateModified\":\"2026-08-28T16:07:52+00:00\",\"mainEntityOfPage\":{\"@id\":\"https:\\\/\\\/www.eliascrespin.net\\\/es\\\/film-retrato-de-elias-crespin\\\/\"},\"wordCount\":198,\"articleSection\":[\"Non class\u00e9 @es\"],\"inLanguage\":\"es\"},{\"@type\":\"WebPage\",\"@id\":\"https:\\\/\\\/www.eliascrespin.net\\\/es\\\/film-retrato-de-elias-crespin\\\/\",\"url\":\"https:\\\/\\\/www.eliascrespin.net\\\/es\\\/film-retrato-de-elias-crespin\\\/\",\"name\":\"FILM | Retrato de Elias Crespin | Elias Crespin\",\"isPartOf\":{\"@id\":\"https:\\\/\\\/www.eliascrespin.net\\\/#website\"},\"datePublished\":\"2026-08-28T16:06:26+00:00\",\"dateModified\":\"2026-08-28T16:07:52+00:00\",\"author\":{\"@id\":\"https:\\\/\\\/www.eliascrespin.net\\\/#\\\/schema\\\/person\\\/f492eaffc73c1b630a59d50396af8ad2\"},\"breadcrumb\":{\"@id\":\"https:\\\/\\\/www.eliascrespin.net\\\/es\\\/film-retrato-de-elias-crespin\\\/#breadcrumb\"},\"inLanguage\":\"es\",\"potentialAction\":[{\"@type\":\"ReadAction\",\"target\":[\"https:\\\/\\\/www.eliascrespin.net\\\/es\\\/film-retrato-de-elias-crespin\\\/\"]}]},{\"@type\":\"BreadcrumbList\",\"@id\":\"https:\\\/\\\/www.eliascrespin.net\\\/es\\\/film-retrato-de-elias-crespin\\\/#breadcrumb\",\"itemListElement\":[{\"@type\":\"ListItem\",\"position\":1,\"name\":\"Accueil\",\"item\":\"https:\\\/\\\/www.eliascrespin.net\\\/es\\\/\"},{\"@type\":\"ListItem\",\"position\":2,\"name\":\"FILM | Retrato de Elias Crespin\"}]},{\"@type\":\"WebSite\",\"@id\":\"https:\\\/\\\/www.eliascrespin.net\\\/#website\",\"url\":\"https:\\\/\\\/www.eliascrespin.net\\\/\",\"name\":\"Elias Crespin\",\"description\":\"Latest news from Atelier Crespin\",\"potentialAction\":[{\"@type\":\"SearchAction\",\"target\":{\"@type\":\"EntryPoint\",\"urlTemplate\":\"https:\\\/\\\/www.eliascrespin.net\\\/?s={search_term_string}\"},\"query-input\":{\"@type\":\"PropertyValueSpecification\",\"valueRequired\":true,\"valueName\":\"search_term_string\"}}],\"inLanguage\":\"es\"},{\"@type\":\"Person\",\"@id\":\"https:\\\/\\\/www.eliascrespin.net\\\/#\\\/schema\\\/person\\\/f492eaffc73c1b630a59d50396af8ad2\",\"name\":\"Juliette Valentin\",\"image\":{\"@type\":\"ImageObject\",\"inLanguage\":\"es\",\"@id\":\"https:\\\/\\\/secure.gravatar.com\\\/avatar\\\/f29965846ae1a9437f275bb65d2bdf3fedad6087f69778ecadbc8df573741f29?s=96&d=mm&r=g\",\"url\":\"https:\\\/\\\/secure.gravatar.com\\\/avatar\\\/f29965846ae1a9437f275bb65d2bdf3fedad6087f69778ecadbc8df573741f29?s=96&d=mm&r=g\",\"contentUrl\":\"https:\\\/\\\/secure.gravatar.com\\\/avatar\\\/f29965846ae1a9437f275bb65d2bdf3fedad6087f69778ecadbc8df573741f29?s=96&d=mm&r=g\",\"caption\":\"Juliette Valentin\"},\"url\":\"https:\\\/\\\/www.eliascrespin.net\\\/es\\\/author\\\/juliette\\\/\"}]}<\/script>\n<!-- \/ Yoast SEO plugin. -->","yoast_head_json":{"title":"FILM | Retrato de Elias Crespin | Elias Crespin","robots":{"index":"index","follow":"follow","max-snippet":"max-snippet:-1","max-image-preview":"max-image-preview:large","max-video-preview":"max-video-preview:-1"},"canonical":"https:\/\/www.eliascrespin.net\/es\/film-retrato-de-elias-crespin\/","og_locale":"es_ES","og_type":"article","og_title":"FILM | Retrato de Elias Crespin | Elias Crespin","og_description":"En su estudio de Par\u00eds, el artista venezolano Elias Crespin nos invita a adentrarnos en una reflexi\u00f3n fascinante sobre el tiempo, el espacio y la forma. Suspendidas mediante hilos casi invisibles, las esculturas electrocin\u00e9ticas de Elias Crespin est\u00e1n animadas por movimientos programados a partir de algoritmos. Sus elementos se desplazan lentamente en el espacio, haciendo... Read more &raquo;","og_url":"https:\/\/www.eliascrespin.net\/es\/film-retrato-de-elias-crespin\/","og_site_name":"Elias Crespin","article_published_time":"2026-08-28T16:06:26+00:00","article_modified_time":"2026-08-28T16:07:52+00:00","author":"Juliette Valentin","twitter_misc":{"Escrito por":"Juliette Valentin","Tiempo de lectura":"1 minuto"},"schema":{"@context":"https:\/\/schema.org","@graph":[{"@type":"Article","@id":"https:\/\/www.eliascrespin.net\/es\/film-retrato-de-elias-crespin\/#article","isPartOf":{"@id":"https:\/\/www.eliascrespin.net\/es\/film-retrato-de-elias-crespin\/"},"author":{"name":"Juliette Valentin","@id":"https:\/\/www.eliascrespin.net\/#\/schema\/person\/f492eaffc73c1b630a59d50396af8ad2"},"headline":"FILM | Retrato de Elias Crespin","datePublished":"2026-08-28T16:06:26+00:00","dateModified":"2026-08-28T16:07:52+00:00","mainEntityOfPage":{"@id":"https:\/\/www.eliascrespin.net\/es\/film-retrato-de-elias-crespin\/"},"wordCount":198,"articleSection":["Non class\u00e9 @es"],"inLanguage":"es"},{"@type":"WebPage","@id":"https:\/\/www.eliascrespin.net\/es\/film-retrato-de-elias-crespin\/","url":"https:\/\/www.eliascrespin.net\/es\/film-retrato-de-elias-crespin\/","name":"FILM | Retrato de Elias Crespin | Elias Crespin","isPartOf":{"@id":"https:\/\/www.eliascrespin.net\/#website"},"datePublished":"2026-08-28T16:06:26+00:00","dateModified":"2026-08-28T16:07:52+00:00","author":{"@id":"https:\/\/www.eliascrespin.net\/#\/schema\/person\/f492eaffc73c1b630a59d50396af8ad2"},"breadcrumb":{"@id":"https:\/\/www.eliascrespin.net\/es\/film-retrato-de-elias-crespin\/#breadcrumb"},"inLanguage":"es","potentialAction":[{"@type":"ReadAction","target":["https:\/\/www.eliascrespin.net\/es\/film-retrato-de-elias-crespin\/"]}]},{"@type":"BreadcrumbList","@id":"https:\/\/www.eliascrespin.net\/es\/film-retrato-de-elias-crespin\/#breadcrumb","itemListElement":[{"@type":"ListItem","position":1,"name":"Accueil","item":"https:\/\/www.eliascrespin.net\/es\/"},{"@type":"ListItem","position":2,"name":"FILM | Retrato de Elias Crespin"}]},{"@type":"WebSite","@id":"https:\/\/www.eliascrespin.net\/#website","url":"https:\/\/www.eliascrespin.net\/","name":"Elias Crespin","description":"Latest news from Atelier Crespin","potentialAction":[{"@type":"SearchAction","target":{"@type":"EntryPoint","urlTemplate":"https:\/\/www.eliascrespin.net\/?s={search_term_string}"},"query-input":{"@type":"PropertyValueSpecification","valueRequired":true,"valueName":"search_term_string"}}],"inLanguage":"es"},{"@type":"Person","@id":"https:\/\/www.eliascrespin.net\/#\/schema\/person\/f492eaffc73c1b630a59d50396af8ad2","name":"Juliette Valentin","image":{"@type":"ImageObject","inLanguage":"es","@id":"https:\/\/secure.gravatar.com\/avatar\/f29965846ae1a9437f275bb65d2bdf3fedad6087f69778ecadbc8df573741f29?s=96&d=mm&r=g","url":"https:\/\/secure.gravatar.com\/avatar\/f29965846ae1a9437f275bb65d2bdf3fedad6087f69778ecadbc8df573741f29?s=96&d=mm&r=g","contentUrl":"https:\/\/secure.gravatar.com\/avatar\/f29965846ae1a9437f275bb65d2bdf3fedad6087f69778ecadbc8df573741f29?s=96&d=mm&r=g","caption":"Juliette Valentin"},"url":"https:\/\/www.eliascrespin.net\/es\/author\/juliette\/"}]}},"_links":{"self":[{"href":"https:\/\/www.eliascrespin.net\/es\/wp-json\/wp\/v2\/posts\/10444","targetHints":{"allow":["GET"]}}],"collection":[{"href":"https:\/\/www.eliascrespin.net\/es\/wp-json\/wp\/v2\/posts"}],"about":[{"href":"https:\/\/www.eliascrespin.net\/es\/wp-json\/wp\/v2\/types\/post"}],"author":[{"embeddable":true,"href":"https:\/\/www.eliascrespin.net\/es\/wp-json\/wp\/v2\/users\/9"}],"replies":[{"embeddable":true,"href":"https:\/\/www.eliascrespin.net\/es\/wp-json\/wp\/v2\/comments?post=10444"}],"version-history":[{"count":2,"href":"https:\/\/www.eliascrespin.net\/es\/wp-json\/wp\/v2\/posts\/10444\/revisions"}],"predecessor-version":[{"id":10447,"href":"https:\/\/www.eliascrespin.net\/es\/wp-json\/wp\/v2\/posts\/10444\/revisions\/10447"}],"wp:attachment":[{"href":"https:\/\/www.eliascrespin.net\/es\/wp-json\/wp\/v2\/media?parent=10444"}],"wp:term":[{"taxonomy":"category","embeddable":true,"href":"https:\/\/www.eliascrespin.net\/es\/wp-json\/wp\/v2\/categories?post=10444"},{"taxonomy":"post_tag","embeddable":true,"href":"https:\/\/www.eliascrespin.net\/es\/wp-json\/wp\/v2\/tags?post=10444"}],"curies":[{"name":"wp","href":"https:\/\/api.w.org\/{rel}","templated":true}]}}