{"id":4472,"date":"2019-05-12T15:31:22","date_gmt":"2019-05-12T14:31:22","guid":{"rendered":"http:\/\/www.eliascrespin.net\/?p=4472"},"modified":"2019-11-27T16:37:48","modified_gmt":"2019-11-27T15:37:48","slug":"shadows-3","status":"publish","type":"post","link":"https:\/\/www.eliascrespin.net\/en\/shadows-3\/","title":{"rendered":"SHADOWS"},"content":{"rendered":"<div class=\"hupso-share-buttons\"><!-- Hupso Share Buttons - https:\/\/www.hupso.com\/share\/ --><a class=\"hupso_toolbar\" href=\"https:\/\/www.hupso.com\/share\/\"><img decoding=\"async\" src=\"https:\/\/static.hupso.com\/share\/buttons\/dot.png\" style=\"border:0px; padding-top: 5px; float:left;\" alt=\"Share Button\"\/><\/a><script type=\"text\/javascript\">var hupso_services_t=new Array(\"Twitter\",\"Facebook\",\"Google Plus\",\"Pinterest\",\"Linkedin\");var hupso_background_t=\"#EAF4FF\";var hupso_border_t=\"#66CCFF\";var hupso_toolbar_size_t=\"big\";var hupso_image_folder_url = \"http:\/\/www.eliascrespin.net\/wp-content\/themes\/eliascrespin\/images\/social\/\";var hupso_twitter_via=\"eliascrespin\";var hupso_url_t=\"\";var hupso_title_t=\"SHADOWS\";<\/script><script type=\"text\/javascript\" src=\"https:\/\/static.hupso.com\/share\/js\/share_toolbar.js\"><\/script><!-- Hupso Share Buttons --><\/div><p>Group exhibition | Galerie Italienne, Paris<br \/>&gt; from May 17th to June 29th 2019<\/p>\n<p>Elias Crespin presents \u2018Circualineados Alu\u2019 (2016) in this exhibition curated by David Rosenberg. Presenting artworks from the beginning of the twentieth century to contemporary creations, the gallery explores the long-term artists\u2019 fascination for shadows.<\/p>\n<p>With artworks of Hans Bellmer, Brassa\u00ef, Miguel Chevalier, Paul Citro\u00ebn, Elias Crespin, Marcel Duchamp, Fred Eerdekens, Eva &amp; Ad\u00e8le, Alain Fleischer, Laurent Grasso, Pascal Haudressy, William Kentridge, Eric Le Maire, Charles Matton, Allan Mc Collum, Mc Dermott &amp; Mc Gough, Shirin Neshat, Luigi Ontani, Donato Piccolo, Man Ray, Luca Resta, Alessandro Sciaraffa, Xavier Veilhan, Kara Walker, Andy Warhol.<\/p>\n<p>Galerie Italienne<br \/>15 rue du Louvre<br \/>75001 Paris<\/p>\n<p><a href=\"https:\/\/galerieitalienne.wixsite.com\/galerie-italienne\/copie-de-current-exhibition-3\"><strong>Read more&#8230;<\/strong><\/a><\/p>\n","protected":false},"excerpt":{"rendered":"<p>Group exhibition | Galerie Italienne, Paris&gt; from May 17th to June 29th 2019 Elias Crespin presents \u2018Circualineados Alu\u2019 (2016) in this exhibition curated by David Rosenberg. Presenting artworks from the beginning of the twentieth century to contemporary creations, the gallery explores the long-term artists\u2019 fascination for shadows. With artworks of Hans Bellmer, Brassa\u00ef, Miguel Chevalier,&#8230;  <a class=\"excerpt-read-more\" href=\"https:\/\/www.eliascrespin.net\/en\/shadows-3\/\" title=\"ReadSHADOWS\">Read more &raquo;<\/a><\/p>\n","protected":false},"author":4,"featured_media":0,"comment_status":"closed","ping_status":"open","sticky":false,"template":"","format":"standard","meta":{"footnotes":""},"categories":[2],"tags":[],"class_list":["post-4472","post","type-post","status-publish","format-standard","hentry","category-non-classe-en"],"yoast_head":"<!-- This site is optimized with the Yoast SEO plugin v27.4 - https:\/\/yoast.com\/product\/yoast-seo-wordpress\/ -->\n<title>SHADOWS | Elias Crespin<\/title>\n<meta name=\"robots\" content=\"index, follow, max-snippet:-1, max-image-preview:large, max-video-preview:-1\" \/>\n<link rel=\"canonical\" href=\"https:\/\/www.eliascrespin.net\/en\/shadows-3\/\" \/>\n<meta property=\"og:locale\" content=\"en_US\" \/>\n<meta property=\"og:type\" content=\"article\" \/>\n<meta property=\"og:title\" content=\"SHADOWS | Elias Crespin\" \/>\n<meta property=\"og:description\" content=\"Group exhibition | Galerie Italienne, Paris&gt; from May 17th to June 29th 2019 Elias Crespin presents \u2018Circualineados Alu\u2019 (2016) in this exhibition curated by David Rosenberg. Presenting artworks from the beginning of the twentieth century to contemporary creations, the gallery explores the long-term artists\u2019 fascination for shadows. With artworks of Hans Bellmer, Brassa\u00ef, Miguel Chevalier,... Read more &raquo;\" \/>\n<meta property=\"og:url\" content=\"https:\/\/www.eliascrespin.net\/en\/shadows-3\/\" \/>\n<meta property=\"og:site_name\" content=\"Elias Crespin\" \/>\n<meta property=\"article:published_time\" content=\"2019-05-12T14:31:22+00:00\" \/>\n<meta property=\"article:modified_time\" content=\"2019-11-27T15:37:48+00:00\" \/>\n<meta name=\"author\" content=\"Juliette Valentin\" \/>\n<meta name=\"twitter:label1\" content=\"Written by\" \/>\n\t<meta name=\"twitter:data1\" content=\"Juliette Valentin\" \/>\n\t<meta name=\"twitter:label2\" content=\"Est. reading time\" \/>\n\t<meta name=\"twitter:data2\" content=\"1 minute\" \/>\n<script type=\"application\/ld+json\" class=\"yoast-schema-graph\">{\"@context\":\"https:\\\/\\\/schema.org\",\"@graph\":[{\"@type\":\"Article\",\"@id\":\"https:\\\/\\\/www.eliascrespin.net\\\/en\\\/shadows-3\\\/#article\",\"isPartOf\":{\"@id\":\"https:\\\/\\\/www.eliascrespin.net\\\/en\\\/shadows-3\\\/\"},\"author\":{\"name\":\"Juliette Valentin\",\"@id\":\"https:\\\/\\\/www.eliascrespin.net\\\/#\\\/schema\\\/person\\\/50917c4bd099f256cd1e477a992c486a\"},\"headline\":\"SHADOWS\",\"datePublished\":\"2019-05-12T14:31:22+00:00\",\"dateModified\":\"2019-11-27T15:37:48+00:00\",\"mainEntityOfPage\":{\"@id\":\"https:\\\/\\\/www.eliascrespin.net\\\/en\\\/shadows-3\\\/\"},\"wordCount\":114,\"articleSection\":[\"Non class\u00e9 @en\"],\"inLanguage\":\"en-US\"},{\"@type\":\"WebPage\",\"@id\":\"https:\\\/\\\/www.eliascrespin.net\\\/en\\\/shadows-3\\\/\",\"url\":\"https:\\\/\\\/www.eliascrespin.net\\\/en\\\/shadows-3\\\/\",\"name\":\"SHADOWS | Elias Crespin\",\"isPartOf\":{\"@id\":\"https:\\\/\\\/www.eliascrespin.net\\\/#website\"},\"datePublished\":\"2019-05-12T14:31:22+00:00\",\"dateModified\":\"2019-11-27T15:37:48+00:00\",\"author\":{\"@id\":\"https:\\\/\\\/www.eliascrespin.net\\\/#\\\/schema\\\/person\\\/50917c4bd099f256cd1e477a992c486a\"},\"breadcrumb\":{\"@id\":\"https:\\\/\\\/www.eliascrespin.net\\\/en\\\/shadows-3\\\/#breadcrumb\"},\"inLanguage\":\"en-US\",\"potentialAction\":[{\"@type\":\"ReadAction\",\"target\":[\"https:\\\/\\\/www.eliascrespin.net\\\/en\\\/shadows-3\\\/\"]}]},{\"@type\":\"BreadcrumbList\",\"@id\":\"https:\\\/\\\/www.eliascrespin.net\\\/en\\\/shadows-3\\\/#breadcrumb\",\"itemListElement\":[{\"@type\":\"ListItem\",\"position\":1,\"name\":\"Accueil\",\"item\":\"https:\\\/\\\/www.eliascrespin.net\\\/en\\\/\"},{\"@type\":\"ListItem\",\"position\":2,\"name\":\"SHADOWS\"}]},{\"@type\":\"WebSite\",\"@id\":\"https:\\\/\\\/www.eliascrespin.net\\\/#website\",\"url\":\"https:\\\/\\\/www.eliascrespin.net\\\/\",\"name\":\"Elias Crespin\",\"description\":\"Latest news from Atelier Crespin\",\"potentialAction\":[{\"@type\":\"SearchAction\",\"target\":{\"@type\":\"EntryPoint\",\"urlTemplate\":\"https:\\\/\\\/www.eliascrespin.net\\\/?s={search_term_string}\"},\"query-input\":{\"@type\":\"PropertyValueSpecification\",\"valueRequired\":true,\"valueName\":\"search_term_string\"}}],\"inLanguage\":\"en-US\"},{\"@type\":\"Person\",\"@id\":\"https:\\\/\\\/www.eliascrespin.net\\\/#\\\/schema\\\/person\\\/50917c4bd099f256cd1e477a992c486a\",\"name\":\"Juliette Valentin\",\"image\":{\"@type\":\"ImageObject\",\"inLanguage\":\"en-US\",\"@id\":\"https:\\\/\\\/secure.gravatar.com\\\/avatar\\\/a9b849f5efa31f7378c728d29f635c783840426b57ccc98c504546a846be640c?s=96&d=mm&r=g\",\"url\":\"https:\\\/\\\/secure.gravatar.com\\\/avatar\\\/a9b849f5efa31f7378c728d29f635c783840426b57ccc98c504546a846be640c?s=96&d=mm&r=g\",\"contentUrl\":\"https:\\\/\\\/secure.gravatar.com\\\/avatar\\\/a9b849f5efa31f7378c728d29f635c783840426b57ccc98c504546a846be640c?s=96&d=mm&r=g\",\"caption\":\"Juliette Valentin\"},\"url\":\"https:\\\/\\\/www.eliascrespin.net\\\/en\\\/author\\\/claire\\\/\"}]}<\/script>\n<!-- \/ Yoast SEO plugin. -->","yoast_head_json":{"title":"SHADOWS | Elias Crespin","robots":{"index":"index","follow":"follow","max-snippet":"max-snippet:-1","max-image-preview":"max-image-preview:large","max-video-preview":"max-video-preview:-1"},"canonical":"https:\/\/www.eliascrespin.net\/en\/shadows-3\/","og_locale":"en_US","og_type":"article","og_title":"SHADOWS | Elias Crespin","og_description":"Group exhibition | Galerie Italienne, Paris&gt; from May 17th to June 29th 2019 Elias Crespin presents \u2018Circualineados Alu\u2019 (2016) in this exhibition curated by David Rosenberg. Presenting artworks from the beginning of the twentieth century to contemporary creations, the gallery explores the long-term artists\u2019 fascination for shadows. With artworks of Hans Bellmer, Brassa\u00ef, Miguel Chevalier,... Read more &raquo;","og_url":"https:\/\/www.eliascrespin.net\/en\/shadows-3\/","og_site_name":"Elias Crespin","article_published_time":"2019-05-12T14:31:22+00:00","article_modified_time":"2019-11-27T15:37:48+00:00","author":"Juliette Valentin","twitter_misc":{"Written by":"Juliette Valentin","Est. reading time":"1 minute"},"schema":{"@context":"https:\/\/schema.org","@graph":[{"@type":"Article","@id":"https:\/\/www.eliascrespin.net\/en\/shadows-3\/#article","isPartOf":{"@id":"https:\/\/www.eliascrespin.net\/en\/shadows-3\/"},"author":{"name":"Juliette Valentin","@id":"https:\/\/www.eliascrespin.net\/#\/schema\/person\/50917c4bd099f256cd1e477a992c486a"},"headline":"SHADOWS","datePublished":"2019-05-12T14:31:22+00:00","dateModified":"2019-11-27T15:37:48+00:00","mainEntityOfPage":{"@id":"https:\/\/www.eliascrespin.net\/en\/shadows-3\/"},"wordCount":114,"articleSection":["Non class\u00e9 @en"],"inLanguage":"en-US"},{"@type":"WebPage","@id":"https:\/\/www.eliascrespin.net\/en\/shadows-3\/","url":"https:\/\/www.eliascrespin.net\/en\/shadows-3\/","name":"SHADOWS | Elias Crespin","isPartOf":{"@id":"https:\/\/www.eliascrespin.net\/#website"},"datePublished":"2019-05-12T14:31:22+00:00","dateModified":"2019-11-27T15:37:48+00:00","author":{"@id":"https:\/\/www.eliascrespin.net\/#\/schema\/person\/50917c4bd099f256cd1e477a992c486a"},"breadcrumb":{"@id":"https:\/\/www.eliascrespin.net\/en\/shadows-3\/#breadcrumb"},"inLanguage":"en-US","potentialAction":[{"@type":"ReadAction","target":["https:\/\/www.eliascrespin.net\/en\/shadows-3\/"]}]},{"@type":"BreadcrumbList","@id":"https:\/\/www.eliascrespin.net\/en\/shadows-3\/#breadcrumb","itemListElement":[{"@type":"ListItem","position":1,"name":"Accueil","item":"https:\/\/www.eliascrespin.net\/en\/"},{"@type":"ListItem","position":2,"name":"SHADOWS"}]},{"@type":"WebSite","@id":"https:\/\/www.eliascrespin.net\/#website","url":"https:\/\/www.eliascrespin.net\/","name":"Elias Crespin","description":"Latest news from Atelier Crespin","potentialAction":[{"@type":"SearchAction","target":{"@type":"EntryPoint","urlTemplate":"https:\/\/www.eliascrespin.net\/?s={search_term_string}"},"query-input":{"@type":"PropertyValueSpecification","valueRequired":true,"valueName":"search_term_string"}}],"inLanguage":"en-US"},{"@type":"Person","@id":"https:\/\/www.eliascrespin.net\/#\/schema\/person\/50917c4bd099f256cd1e477a992c486a","name":"Juliette Valentin","image":{"@type":"ImageObject","inLanguage":"en-US","@id":"https:\/\/secure.gravatar.com\/avatar\/a9b849f5efa31f7378c728d29f635c783840426b57ccc98c504546a846be640c?s=96&d=mm&r=g","url":"https:\/\/secure.gravatar.com\/avatar\/a9b849f5efa31f7378c728d29f635c783840426b57ccc98c504546a846be640c?s=96&d=mm&r=g","contentUrl":"https:\/\/secure.gravatar.com\/avatar\/a9b849f5efa31f7378c728d29f635c783840426b57ccc98c504546a846be640c?s=96&d=mm&r=g","caption":"Juliette Valentin"},"url":"https:\/\/www.eliascrespin.net\/en\/author\/claire\/"}]}},"_links":{"self":[{"href":"https:\/\/www.eliascrespin.net\/en\/wp-json\/wp\/v2\/posts\/4472","targetHints":{"allow":["GET"]}}],"collection":[{"href":"https:\/\/www.eliascrespin.net\/en\/wp-json\/wp\/v2\/posts"}],"about":[{"href":"https:\/\/www.eliascrespin.net\/en\/wp-json\/wp\/v2\/types\/post"}],"author":[{"embeddable":true,"href":"https:\/\/www.eliascrespin.net\/en\/wp-json\/wp\/v2\/users\/4"}],"replies":[{"embeddable":true,"href":"https:\/\/www.eliascrespin.net\/en\/wp-json\/wp\/v2\/comments?post=4472"}],"version-history":[{"count":6,"href":"https:\/\/www.eliascrespin.net\/en\/wp-json\/wp\/v2\/posts\/4472\/revisions"}],"predecessor-version":[{"id":4771,"href":"https:\/\/www.eliascrespin.net\/en\/wp-json\/wp\/v2\/posts\/4472\/revisions\/4771"}],"wp:attachment":[{"href":"https:\/\/www.eliascrespin.net\/en\/wp-json\/wp\/v2\/media?parent=4472"}],"wp:term":[{"taxonomy":"category","embeddable":true,"href":"https:\/\/www.eliascrespin.net\/en\/wp-json\/wp\/v2\/categories?post=4472"},{"taxonomy":"post_tag","embeddable":true,"href":"https:\/\/www.eliascrespin.net\/en\/wp-json\/wp\/v2\/tags?post=4472"}],"curies":[{"name":"wp","href":"https:\/\/api.w.org\/{rel}","templated":true}]}}